[{"@context":"https:\/\/schema.org\/","@type":"Article","@id":"https:\/\/www.fotonka.cz\/jaky-je-rozdil-mezi-kuzi-a-kozesinou\/#Article","mainEntityOfPage":"https:\/\/www.fotonka.cz\/jaky-je-rozdil-mezi-kuzi-a-kozesinou\/","headline":"Jak\u00fd je rozd\u00edl mezi k\u016f\u017e\u00ed a ko\u017ee\u0161inou","name":"Jak\u00fd je rozd\u00edl mezi k\u016f\u017e\u00ed a ko\u017ee\u0161inou","description":"Je pravdou, \u017ee m\u00f3dn\u00ed pr\u016fmysl m\u00e1 i sv\u00e9 stinn\u00e9 str\u00e1nky. Jednou z\u00a0t\u011bch nechvaln\u011b zn\u00e1m\u00fdch je ko\u017ee\u0161inov\u00fd pr\u016fmysl. Mo\u017en\u00e1 pr\u00e1v\u011b to je d\u016fvod, pro\u010d kolem n\u011bj panuje tolik nep\u0159esnost\u00ed a polopravd. Neza\u0161kod\u00ed tedy pod\u00edvat se mu na zoubek.\u00a0V\u00a0prvn\u00ed \u0159ad\u011b je zde fakt, \u017ee mnoho lid\u00ed ztoto\u017e\u0148uje k\u016f\u017ei a ko\u017ee\u0161inu, respektive k\u016f\u017ei pova\u017euje pouze za ko\u017ee\u0161inu bez [&hellip;]","datePublished":"2024-05-27","dateModified":"2024-05-27","author":{"@type":"Person","@id":"https:\/\/www.fotonka.cz\/author\/#Person","name":"","url":"https:\/\/www.fotonka.cz\/author\/","identifier":1,"image":{"@type":"ImageObject","@id":"https:\/\/secure.gravatar.com\/avatar\/091b4d684e9af597ec9885a078917281e353fb1084ff05c94355123dbb14e899?s=96&d=mm&r=g","url":"https:\/\/secure.gravatar.com\/avatar\/091b4d684e9af597ec9885a078917281e353fb1084ff05c94355123dbb14e899?s=96&d=mm&r=g","height":96,"width":96}},"publisher":{"@type":"Organization","name":"fotonka.cz","logo":{"@type":"ImageObject","@id":"\/logo.png","url":"\/logo.png","width":600,"height":60}},"image":{"@type":"ImageObject","@id":"https:\/\/www.fotonka.cz\/wp-content\/uploads\/moda4_10_10_1.jpg","url":"https:\/\/www.fotonka.cz\/wp-content\/uploads\/moda4_10_10_1.jpg","height":0,"width":0},"url":"https:\/\/www.fotonka.cz\/jaky-je-rozdil-mezi-kuzi-a-kozesinou\/","about":["M\u00f3da"],"wordCount":443,"articleBody":"Je pravdou, \u017ee m\u00f3dn\u00ed pr\u016fmysl m\u00e1 i sv\u00e9 stinn\u00e9 str\u00e1nky. Jednou z\u00a0t\u011bch nechvaln\u011b zn\u00e1m\u00fdch je ko\u017ee\u0161inov\u00fd pr\u016fmysl. Mo\u017en\u00e1 pr\u00e1v\u011b to je d\u016fvod, pro\u010d kolem n\u011bj panuje tolik nep\u0159esnost\u00ed a polopravd. Neza\u0161kod\u00ed tedy pod\u00edvat se mu na zoubek.\u00a0V\u00a0prvn\u00ed \u0159ad\u011b je zde fakt, \u017ee mnoho lid\u00ed ztoto\u017e\u0148uje k\u016f\u017ei a ko\u017ee\u0161inu, respektive k\u016f\u017ei pova\u017euje pouze za ko\u017ee\u0161inu bez chlup\u016f. A p\u0159i povrchn\u00edm pohledu je to tak\u00e9 pravda. Rozd\u00edl je v\u0161ak v\u00a0tom, jak se tyto materi\u00e1ly z\u00edsk\u00e1vaj\u00ed.\u00a0Zat\u00edmco ko\u017ee\u0161ina je z\u00edsk\u00e1v\u00e1na z\u00a0ko\u017ee\u0161inov\u00fdch zv\u00ed\u0159at, jako je li\u0161ka, norek \u010di kr\u00e1l\u00edk, kter\u00e1 jsou chov\u00e1na pouze pro tento \u00fa\u010del, a leckdy i v\u00a0nevyhovuj\u00edc\u00edch podm\u00ednk\u00e1ch (i kdy\u017e je pravou, \u017ee na na\u0161em \u00fazem\u00ed ji\u017e byly ko\u017ee\u0161inov\u00e9 farmy zak\u00e1z\u00e1ny a ve\u0161ker\u00e9 ko\u017ee\u0161iny se tak mus\u00ed dov\u00e1\u017eet), u k\u016f\u017e\u00ed je to jinak. \u00a0\u00a0Zde se jedn\u00e1 o p\u0159ev\u00e1\u017en\u011b kravsk\u00e9 k\u016f\u017ee, kter\u00e9 jsou produktem masn\u00e9ho pr\u016fmyslu. Dan\u00e9 zv\u00ed\u0159e by tedy bylo zabito tak jako tak, jen z\u00a0n\u011bj vyu\u017eijeme v\u00edce ne\u017e jen jeho k\u016f\u017ei, nemluv\u011b o tom, \u017ee na welfare hospod\u00e1\u0159sk\u00fdch zv\u00ed\u0159at se db\u00e1 pon\u011bkud p\u0159\u00edsn\u011bji ne\u017e u t\u011bch ko\u017ee\u0161inov\u00fdch.D\u00e1le jsou zde i rozd\u00edln\u00e9 vlastnosti obou materi\u00e1l\u016f. Ko\u017ee\u0161ina nap\u0159\u00edklad velmi dob\u0159e izoluje proti zim\u011b \u2013 to je ostatn\u011b d\u016fvod, pro\u010d ji na\u0161i d\u00e1vn\u00ed p\u0159edkov\u00e9, kte\u0159\u00ed nem\u011bli p\u0159\u00edli\u0161 mnoho materi\u00e1l\u016f k\u00a0dispozici, za\u010dali pou\u017e\u00edvat. Bohu\u017eel je velmi n\u00e1chyln\u00e1 k\u00a0po\u0161kozen\u00ed a obvykle vydr\u017e\u00ed jen jednu sez\u00f3nu.\u00a0\u00a0K\u016f\u017ee na druhou stranu nem\u00e1 takov\u00e9 tepeln\u011b-izola\u010dn\u00ed vlastnosti. Dokonce by se dalo \u0159\u00edci, \u017ee je tomu naopak. Ov\u0161em na druhou stranu chr\u00e1n\u00ed velmi dob\u0159e p\u0159ed v\u011btrem a de\u0161t\u011bm, vyplat\u00ed se tedy nosit na ja\u0159e a na podzim, kdy sice nen\u00ed ani velk\u00e9 horko, ani p\u0159\u00edli\u0161n\u00e1 zima, av\u0161ak m\u00e1me apr\u00edlov\u00e9 po\u010das\u00ed a podzimn\u00ed pl\u00edskanice.\u00a0Oba materi\u00e1ly jsou tedy jeden od druh\u00e9ho velmi odli\u0161n\u00e9, a podle toho je pot\u0159eba je tak\u00e9 pou\u017e\u00edvat. Jejich z\u00e1m\u011bna by toti\u017e m\u011bla pom\u011brn\u011b nep\u0159\u00edzniv\u00e9 d\u016fsledky, zejm\u00e9na pro na\u0161e zdrav\u00ed, co\u017e je n\u011bco, co nikdo z\u00a0n\u00e1s nepot\u0159ebuje.                                                                                                                                                                                                                                                                                                                                                                                        4.7\/5 - (12 votes)        "},{"@context":"https:\/\/schema.org\/","@type":"BreadcrumbList","itemListElement":[{"@type":"ListItem","position":1,"name":"Jak\u00fd je rozd\u00edl mezi k\u016f\u017e\u00ed a ko\u017ee\u0161inou","item":"https:\/\/www.fotonka.cz\/jaky-je-rozdil-mezi-kuzi-a-kozesinou\/#breadcrumbitem"}]}]