[{"@context":"https:\/\/schema.org\/","@type":"Article","@id":"https:\/\/www.fotonka.cz\/konferencni-zidle\/#Article","mainEntityOfPage":"https:\/\/www.fotonka.cz\/konferencni-zidle\/","headline":"Konferen\u010dn\u00ed \u017eidle","name":"Konferen\u010dn\u00ed \u017eidle","description":"Je\u0161t\u011b je nem\u00e1te ve sv\u00e9 kancel\u00e1\u0159i? Jsou to stohovateln\u00e9 konferen\u010dn\u00ed \u017eidle se s\u00edt\u011bn\u00fdm op\u011br\u00e1kem, \u010daloun\u011bn\u00ed sed\u00e1ku je do mikroply\u0161e (100% polyester), gram\u00e1\u017e 280g\/m2 a op\u011br\u00e1k je \u010daloun\u011bn do \u010dern\u00e9 s\u00ed\u0165oviny. Konferen\u010dn\u00ed \u017eidle se s\u00edt\u011bn\u00fdm op\u011br\u00e1kem maj\u00ed konstrukci z ov\u00e1ln\u00fdch trubek (30&#215;15 mm), povrchov\u00e1 \u00faprava je \u010dernou pr\u00e1\u0161kovou barvou nebo chromem. Sed\u00e1k je kryt plastem a [&hellip;]","datePublished":"2025-01-18","dateModified":"2025-01-18","author":{"@type":"Person","@id":"https:\/\/www.fotonka.cz\/author\/#Person","name":"","url":"https:\/\/www.fotonka.cz\/author\/","identifier":1,"image":{"@type":"ImageObject","@id":"https:\/\/secure.gravatar.com\/avatar\/091b4d684e9af597ec9885a078917281e353fb1084ff05c94355123dbb14e899?s=96&d=mm&r=g","url":"https:\/\/secure.gravatar.com\/avatar\/091b4d684e9af597ec9885a078917281e353fb1084ff05c94355123dbb14e899?s=96&d=mm&r=g","height":96,"width":96}},"publisher":{"@type":"Organization","name":"fotonka.cz","logo":{"@type":"ImageObject","@id":"\/logo.png","url":"\/logo.png","width":600,"height":60}},"url":"https:\/\/www.fotonka.cz\/konferencni-zidle\/","wordCount":162,"articleBody":"Je\u0161t\u011b je nem\u00e1te ve sv\u00e9 kancel\u00e1\u0159i? Jsou to stohovateln\u00e9 konferen\u010dn\u00ed \u017eidle se s\u00edt\u011bn\u00fdm op\u011br\u00e1kem, \u010daloun\u011bn\u00ed sed\u00e1ku je do mikroply\u0161e (100% polyester), gram\u00e1\u017e 280g\/m2 a op\u011br\u00e1k je \u010daloun\u011bn do \u010dern\u00e9 s\u00ed\u0165oviny. Konferen\u010dn\u00ed \u017eidle se s\u00edt\u011bn\u00fdm op\u011br\u00e1kem maj\u00ed konstrukci z ov\u00e1ln\u00fdch trubek (30&#215;15 mm), povrchov\u00e1 \u00faprava je \u010dernou pr\u00e1\u0161kovou barvou nebo chromem. Sed\u00e1k je kryt plastem a koncovky nohou jsou \u010dern\u00e9 plastov\u00e9. Tyto konferen\u010dn\u00ed \u017eidle maj\u00ed nosnost a\u017e 100 kg. Ud\u011blejte radost i sv\u00e9 kancel\u00e1\u0159i. Ak\u010dn\u00ed nab\u00eddky na V\u00e1\u0161 e-mail Pro\u010d se registrovat k odb\u011bru newsletteru? Budete dost\u00e1vat pravideln\u00e9 informace o ak\u010dn\u00edch nab\u00eddk\u00e1ch, slev\u00e1ch a novink\u00e1ch v na\u0161\u00ed nab\u00eddce, specializovan\u00e9 nab\u00eddky m\u00e1me pouze pro registrovan\u00e9, nebudete zahlceni spamem a zas\u00edl\u00e1n\u00ed speci\u00e1ln\u00edch nab\u00eddek m\u016f\u017eete kdykoliv zru\u0161it.                                                                                                                                                                                                                                                                                                                                                                                        4.5\/5 - (2 votes)        "},{"@context":"https:\/\/schema.org\/","@type":"BreadcrumbList","itemListElement":[{"@type":"ListItem","position":1,"name":"Konferen\u010dn\u00ed \u017eidle","item":"https:\/\/www.fotonka.cz\/konferencni-zidle\/#breadcrumbitem"}]}]