[{"@context":"https:\/\/schema.org\/","@type":"Article","@id":"https:\/\/www.fotonka.cz\/pracovni-odev\/#Article","mainEntityOfPage":"https:\/\/www.fotonka.cz\/pracovni-odev\/","headline":"Pracovn\u00ed od\u011bv","name":"Pracovn\u00ed od\u011bv","description":"Dne\u0161n\u00ed mu\u017ei ji\u017e nechod\u00ed v\u0161ichni b\u011b\u017en\u011b a celodenn\u011b v ko\u0161il\u00edch, kravat\u00e1ch a oblec\u00edch. Dnes je ji\u017e spole\u010densky zcela b\u011b\u017en\u00e9, \u017ee mu\u017ei chod\u00ed jen v triku, a to i pokud se jedn\u00e1 o mu\u017ee ve vy\u0161\u0161\u00edch funkc\u00edch a pr\u00e1v\u011b pracuj\u00edc\u00edch. Tri\u010dka se dnes daj\u00ed sehnat ve vysok\u00e9 kvalit\u011b a luxusn\u00edm proveden\u00ed a m\u016f\u017ee b\u00fdt stejn\u011b reprezentativn\u00ed [&hellip;]","datePublished":"2024-11-09","dateModified":"2024-11-09","author":{"@type":"Person","@id":"https:\/\/www.fotonka.cz\/author\/#Person","name":"","url":"https:\/\/www.fotonka.cz\/author\/","identifier":1,"image":{"@type":"ImageObject","@id":"https:\/\/secure.gravatar.com\/avatar\/091b4d684e9af597ec9885a078917281e353fb1084ff05c94355123dbb14e899?s=96&d=mm&r=g","url":"https:\/\/secure.gravatar.com\/avatar\/091b4d684e9af597ec9885a078917281e353fb1084ff05c94355123dbb14e899?s=96&d=mm&r=g","height":96,"width":96}},"publisher":{"@type":"Organization","name":"fotonka.cz","logo":{"@type":"ImageObject","@id":"\/logo.png","url":"\/logo.png","width":600,"height":60}},"url":"https:\/\/www.fotonka.cz\/pracovni-odev\/","wordCount":199,"articleBody":"Dne\u0161n\u00ed mu\u017ei ji\u017e nechod\u00ed v\u0161ichni b\u011b\u017en\u011b a celodenn\u011b v ko\u0161il\u00edch, kravat\u00e1ch a oblec\u00edch. Dnes je ji\u017e spole\u010densky zcela b\u011b\u017en\u00e9, \u017ee mu\u017ei chod\u00ed jen v triku, a to i pokud se jedn\u00e1 o mu\u017ee ve vy\u0161\u0161\u00edch funkc\u00edch a pr\u00e1v\u011b pracuj\u00edc\u00edch. Tri\u010dka se dnes daj\u00ed sehnat ve vysok\u00e9 kvalit\u011b a luxusn\u00edm proveden\u00ed a m\u016f\u017ee b\u00fdt stejn\u011b reprezentativn\u00ed jako zmi\u0148ovan\u00fd oblek.Ano, navzdory mo\u017en\u00e9mu nesouhlasu mnoh\u00fdch z n\u00e1s, je pravdou, \u017ee tri\u010dka v dne\u0161n\u00ed dob\u011b nejsou jen z\u00e1le\u017eitost\u00ed dom\u00e1c\u00edho pohodl\u00ed \u010di v\u00edkendov\u00e9 le\u017e\u00e9rnosti. Vyberete-li zna\u010dku, kter\u00e1 je v\u00fdmluvn\u00e1 a jej\u00ed\u017e kvalita je nezpochybniteln\u00e1, nem\u016f\u017eete p\u0159i no\u0161en\u00ed takov\u00fdch tri\u010dek nikdy \u0161l\u00e1pnout vedle.\tTrendy od\u011bvyNaopak mnoho mu\u017e\u016f v podnikatelsk\u00e9 sf\u00e9\u0159e, ve vy\u0161\u0161\u00edch mana\u017eersk\u00fdch funkc\u00edch a podobn\u011b, zkr\u00e1tka na pracovi\u0161t\u00edch, kde o\u010dek\u00e1v\u00e1te oble\u010den\u00ed skute\u010dn\u011b na \u00farovni, nechce p\u016fsobit \u0161kroben\u011b a zkostnat\u011ble a tri\u010dka jsou dobrou volbou, chcete-li p\u016fsobit le\u017e\u00e9rn\u011b a pohodov\u011b.                                                                                                                                                                                                                                                                                                                                                                                        1.7\/5 - (4 votes)        "},{"@context":"https:\/\/schema.org\/","@type":"BreadcrumbList","itemListElement":[{"@type":"ListItem","position":1,"name":"Pracovn\u00ed od\u011bv","item":"https:\/\/www.fotonka.cz\/pracovni-odev\/#breadcrumbitem"}]}]