[{"@context":"https:\/\/schema.org\/","@type":"Article","@id":"https:\/\/www.fotonka.cz\/vyhodna-kancelar\/#Article","mainEntityOfPage":"https:\/\/www.fotonka.cz\/vyhodna-kancelar\/","headline":"V\u00fdhodn\u00e1 kancel\u00e1\u0159","name":"V\u00fdhodn\u00e1 kancel\u00e1\u0159","description":"J\u00e1 si mysl\u00edm, \u017ee v posledn\u00ed dob\u011b je velice popul\u00e1rn\u00ed, kdy\u017e si se\u017eenete n\u011bjak\u00e9 kvalitn\u00ed virtu\u00e1ln\u00ed s\u00eddlo. J\u00e1 jsem kdysi bydlela v Ostrav\u011b, j\u00e1 jsem se tam tak\u00e9 narodila, ale pozd\u011bji, kdy\u017e jsem si na\u0161la partnera, to mi bylo asi devaten\u00e1ct let, tak jsem se s n\u00edm p\u0159est\u011bhovala do Prahy. Oba dva jsme tam potom [&hellip;]","datePublished":"2024-02-28","dateModified":"2024-03-28","author":{"@type":"Person","@id":"https:\/\/www.fotonka.cz\/author\/#Person","name":"","url":"https:\/\/www.fotonka.cz\/author\/","identifier":1,"image":{"@type":"ImageObject","@id":"https:\/\/secure.gravatar.com\/avatar\/091b4d684e9af597ec9885a078917281e353fb1084ff05c94355123dbb14e899?s=96&d=mm&r=g","url":"https:\/\/secure.gravatar.com\/avatar\/091b4d684e9af597ec9885a078917281e353fb1084ff05c94355123dbb14e899?s=96&d=mm&r=g","height":96,"width":96}},"publisher":{"@type":"Organization","name":"fotonka.cz","logo":{"@type":"ImageObject","@id":"\/logo.png","url":"\/logo.png","width":600,"height":60}},"image":{"@type":"ImageObject","@id":"https:\/\/www.fotonka.cz\/wp-content\/uploads\/laptops-593296_1280_2.jpg","url":"https:\/\/www.fotonka.cz\/wp-content\/uploads\/laptops-593296_1280_2.jpg","height":0,"width":0},"url":"https:\/\/www.fotonka.cz\/vyhodna-kancelar\/","about":["Spole\u010dnosti"],"wordCount":434,"articleBody":"   J\u00e1 si mysl\u00edm, \u017ee v posledn\u00ed dob\u011b je velice popul\u00e1rn\u00ed, kdy\u017e si se\u017eenete n\u011bjak\u00e9 kvalitn\u00ed virtu\u00e1ln\u00ed s\u00eddlo. J\u00e1 jsem kdysi bydlela v Ostrav\u011b, j\u00e1 jsem se tam tak\u00e9 narodila, ale pozd\u011bji, kdy\u017e jsem si na\u0161la partnera, to mi bylo asi devaten\u00e1ct let, tak jsem se s n\u00edm p\u0159est\u011bhovala do Prahy. Oba dva jsme tam potom je\u0161t\u011b studovali n\u00e1stavbu na p\u011bt let a potom u\u017e jsme tam tak\u00e9 na\u0161li zam\u011bstn\u00e1n\u00ed. Jenom\u017ee potom, kdy\u017e jsme se roze\u0161li, tak jsem si \u0159ekla, \u017ee p\u016fjdu bydlet zp\u00e1tky do sv\u00e9ho rodn\u00e9ho m\u011bsta, a to je Ostrava. Virtu\u00e1ln\u00ed s\u00eddlo v Ostrav\u011b se mi l\u00edbilo opravdu na prvn\u00ed pohled. \u0158ekla jsem si, \u017ee kdy\u017e u\u017e budu podnikat a chci ve sv\u00e9m podnik\u00e1n\u00ed pokra\u010dovat, tak si nebudu po\u0159izovat n\u011bjakou fyzickou kancel\u00e1\u0159, ale \u017ee si nech\u00e1m ud\u011blat virtu\u00e1ln\u00ed s\u00eddlo v Ostrav\u011b. Kdy\u017e se pod\u00edv\u00e1te na webov\u00e9 str\u00e1nky kancelar29.cz, tak tam najdete je nejenom virtu\u00e1ln\u00ed s\u00eddlo v Ostrav\u011b, ale tak\u00e9 t\u0159eba r\u016fzn\u00e9 kancel\u00e1\u0159e. T\u0159eba i virtu\u00e1ln\u00ed kancel\u00e1\u0159e. Mysl\u00edm si, \u017ee mnoho lid\u00ed pr\u00e1v\u011b u\u017e d\u00e1v\u00e1 p\u0159ednost tomu, aby u\u0161et\u0159ili tak\u00e9 uhl\u00edkovou stopu, aby u\u0161et\u0159ili pen\u00edze a tak\u00e9, aby to bylo m\u00e9n\u011b fyzicky a psychicky n\u00e1ro\u010dn\u00e9, proto\u017ee t\u0159eba kdy\u017e jste nemocn\u00ed a mus\u00edte jet n\u011bkam do fyzick\u00e9 kancel\u00e1\u0159e, tak n\u011bkdy je to opravdu a\u017e nemo\u017en\u00e9. Proto je skv\u011bl\u00e9, \u017ee budete m\u00edt virtu\u00e1ln\u00ed s\u00eddlo v Ostrav\u011b. Tato firma v\u00e1m opravdu zaru\u010d\u00ed, \u017ee v\u00e1m se\u017eene virtu\u00e1ln\u00ed s\u00eddlo v Ostrav\u011b na presti\u017en\u00edm m\u00edst\u011b, aby to m\u011blo n\u011bjak\u00fd zvuk, proto\u017ee tak\u00e9 je logick\u00e9, \u017ee kdy\u017e t\u0159eba n\u011bjak\u00e9 s\u00eddlo je na dobr\u00e9 adrese a nen\u00ed to zapadl\u00e9 a je to tam \u010dist\u00e9, tak potom to znamen\u00e1, \u017ee tam bude tak\u00e9 chodit v\u00edce z\u00e1kazn\u00edk\u016f a budete m\u00edt v\u00edce potenci\u00e1ln\u00edch z\u00e1kazn\u00edk\u016f a kupc\u016f. J\u00e1 sama jsem na tohle opravdu p\u0159ipraven\u00e1, proto\u017ee v\u00edm, \u017ee kdy\u017e je n\u011bco kvalitn\u011b ud\u011blan\u00e9 a tak\u00e9 to m\u00e1 n\u011bjakou odbornost a profesionalitu, \u017ee to na lidi p\u016fsob\u00ed opravdu skv\u011ble a tak\u00e9 se to podnikateli m\u016f\u017ee vyplatit. Proto dejte na rady odborn\u00edk\u016f a vyzkou\u0161ejte virtu\u00e1ln\u00ed s\u00eddlo v Ostrav\u011b.                                                                                                                                                                                                                                                                                                                                                                                           4.2\/5 - (8 votes)        "},{"@context":"https:\/\/schema.org\/","@type":"BreadcrumbList","itemListElement":[{"@type":"ListItem","position":1,"name":"V\u00fdhodn\u00e1 kancel\u00e1\u0159","item":"https:\/\/www.fotonka.cz\/vyhodna-kancelar\/#breadcrumbitem"}]}]