[{"@context":"https:\/\/schema.org\/","@type":"Article","@id":"https:\/\/www.fotonka.cz\/vzdy-zit-s-nekym\/#Article","mainEntityOfPage":"https:\/\/www.fotonka.cz\/vzdy-zit-s-nekym\/","headline":"V\u017edy \u017e\u00edt s n\u011bk\u00fdm","name":"V\u017edy \u017e\u00edt s n\u011bk\u00fdm","description":"Bydlen\u00ed je kr\u00e1sn\u00e9, hlavn\u011b kdy\u017e se \u017eije ve dvou. Nedok\u00e1\u017eu si p\u0159edstavit, \u017ee bych bydlela n\u011bkde v dom\u011b \u010di byt\u011b \u00fapln\u011b sama. Tohle bych si prost\u011b nedok\u00e1zala p\u0159edstavit, proto\u017ee nejsem zvykl\u00e1 \u017e\u00edt sama a jsem zvykl\u00e1 b\u00fdt n\u011bkomu nabl\u00edzku. \u017dit\u00ed ve dvou je mnohem lep\u0161\u00ed ne\u017e b\u00fdt \u00fapln\u011b sama. Samota v\u016fbec nen\u00ed dobr\u00e1, nen\u00ed hezk\u00e1 [&hellip;]","datePublished":"2024-07-31","dateModified":"2024-07-31","author":{"@type":"Person","@id":"https:\/\/www.fotonka.cz\/author\/#Person","name":"","url":"https:\/\/www.fotonka.cz\/author\/","identifier":1,"image":{"@type":"ImageObject","@id":"https:\/\/secure.gravatar.com\/avatar\/091b4d684e9af597ec9885a078917281e353fb1084ff05c94355123dbb14e899?s=96&d=mm&r=g","url":"https:\/\/secure.gravatar.com\/avatar\/091b4d684e9af597ec9885a078917281e353fb1084ff05c94355123dbb14e899?s=96&d=mm&r=g","height":96,"width":96}},"publisher":{"@type":"Organization","name":"fotonka.cz","logo":{"@type":"ImageObject","@id":"\/logo.png","url":"\/logo.png","width":600,"height":60}},"image":{"@type":"ImageObject","@id":"https:\/\/www.fotonka.cz\/wp-content\/uploads\/house-1836070_1280%20(1)_10_4.jpg","url":"https:\/\/www.fotonka.cz\/wp-content\/uploads\/house-1836070_1280%20(1)_10_4.jpg","height":0,"width":0},"url":"https:\/\/www.fotonka.cz\/vzdy-zit-s-nekym\/","about":["Bydlen\u00ed"],"wordCount":458,"articleBody":"Bydlen\u00ed je kr\u00e1sn\u00e9, hlavn\u011b kdy\u017e se \u017eije ve dvou. Nedok\u00e1\u017eu si p\u0159edstavit, \u017ee bych bydlela n\u011bkde v dom\u011b \u010di byt\u011b \u00fapln\u011b sama. Tohle bych si prost\u011b nedok\u00e1zala p\u0159edstavit, proto\u017ee nejsem zvykl\u00e1 \u017e\u00edt sama a jsem zvykl\u00e1 b\u00fdt n\u011bkomu nabl\u00edzku. \u017dit\u00ed ve dvou je mnohem lep\u0161\u00ed ne\u017e b\u00fdt \u00fapln\u011b sama. Samota v\u016fbec nen\u00ed dobr\u00e1, nen\u00ed hezk\u00e1 a mn\u011b se prost\u011b nel\u00edb\u00ed. Chci b\u00fdt pozitivn\u00ed, proto si nedok\u00e1\u017eu p\u0159edstavit, \u017ee bych nebydlela se sv\u00fdm p\u0159\u00edtelem, se kter\u00fdm \u017eiju u\u017e n\u011bkolik let. Popravd\u011b se p\u0159izn\u00e1m, \u017ee kdy\u017e jsem za\u010dala bydlet se sv\u00fdm p\u0159\u00edtelem, \u0159\u00edkala jsem si, \u017ee spolu takovou dobu nevydr\u017e\u00edme, ale vydr\u017eelo n\u00e1m to, a to pr\u00e1v\u011b d\u00edky tomu, \u017ee spole\u010dn\u011b bydl\u00edme.\u00a0\u00a0Pokud n\u011bkdo \u017eije s rodi\u010di, mysl\u00edm, \u017ee ten vztah nemus\u00ed s partnerem tak dlouho vydr\u017eet, jako kdy\u017e se rozhodnete osamostatnit. Je to velice kr\u00e1sn\u00e9, kdy\u017e spolu sd\u00edl\u00edte kr\u00e1sn\u00e9 v\u011bci, kter\u00e9 ka\u017ed\u00fd den pro\u017e\u00edv\u00e1te, proto\u017ee j\u00e1 to takhle s partnerem m\u00e1m a hrozn\u011b to vn\u00edm\u00e1m. Je to velice fajn, kdy\u017e m\u00e1te v n\u011bkom d\u016fv\u011bru, n\u011bkdo v\u00e1m pom\u016f\u017ee a najednou m\u00e1te pocit, \u017ee jste jako v sedm\u00e9m nebi. Samoz\u0159ejm\u011b ch\u00e1pu, \u017ee i rodi\u010de v\u00e1m pomohou, ale v\u017edycky je nejlep\u0161\u00ed, a\u017e dosp\u011bjete, se opravdu osamostatnit a j\u00edt bydlet se svou partnerkou \u010di partnerem, proto\u017ee to pro \u017eivot ud\u011bl\u00e1te to nejlep\u0161\u00ed, co pro sebe m\u016f\u017eete ud\u011blat. P\u0159inese v\u00e1m to mnoho \u00fasp\u011bch\u016f, mnoho radosti a v\u00edc pozn\u00e1te ten kontakt mezi sebou.\u00a0\u00a0Mnohem v\u00edce se vz\u00e1jemn\u011b pozn\u00e1te a nejsp\u00ed\u0161 budete bydlet u rodi\u010d\u016f. Samoz\u0159ejm\u011b je jasn\u00e9, \u017ee se se sv\u00fdm partnerem \u010di partnerkou m\u016f\u017eete chv\u00edli pozn\u00e1vat, ale jakmile spolu budete minim\u00e1ln\u011b rok, je pot\u0159eba p\u0159em\u00fd\u0161let o budoucnosti a sna\u017eit se p\u0159ij\u00edt na to, abyste se osamostatnili a zm\u011bnili smysl \u017eivota, proto\u017ee v\u011b\u0159te, \u017ee v\u00e1m to hodn\u011b d\u00e1 do \u017eivota. Pokud budete st\u00e1le bydlet se svou partnerkou \u010di partnerem pod st\u0159echou rodi\u010d\u016f, v\u011b\u0159te, \u017ee to nemus\u00ed fungovat a nepozn\u00e1te se v\u016fbec, proto\u017ee jako kdybyste po\u0159\u00e1d poslouchali rodi\u010de. Ale kdy\u017e se odst\u011bhujete a budete bydlet sami s partnerem \u010di partnerkou, najednou zjist\u00edte, \u017ee to v\u0161echno st\u00e1lo za to a \u017ee je to to nejlep\u0161\u00ed, co pro sv\u016fj \u017eivot ud\u011bl\u00e1te, a \u017ee je to spr\u00e1vn\u00e1 cesta.                                                                                                                                                                                                                                                                                                                                                                                        4.3\/5 - (10 votes)        "},{"@context":"https:\/\/schema.org\/","@type":"BreadcrumbList","itemListElement":[{"@type":"ListItem","position":1,"name":"V\u017edy \u017e\u00edt s n\u011bk\u00fdm","item":"https:\/\/www.fotonka.cz\/vzdy-zit-s-nekym\/#breadcrumbitem"}]}]